{"id":13310,"date":"2026-09-01T21:28:36","date_gmt":"2026-09-01T18:28:36","guid":{"rendered":"https:\/\/andreeahalikias.ro\/?p=13310"},"modified":"2026-09-05T21:34:49","modified_gmt":"2026-09-05T18:34:49","slug":"peste-100-de-participanti-la-lansarea-primelor-trei-volume-oricum-comunicat-de-presa","status":"publish","type":"post","link":"https:\/\/andreeahalikias.ro\/en\/peste-100-de-participanti-la-lansarea-primelor-trei-volume-oricum-comunicat-de-presa\/","title":{"rendered":"Peste 100 de participan\u021bi la lansarea primelor trei volume ORICUM\u2122 (comunicat de presa)"},"content":{"rendered":"<p><strong>Peste 100 de participan\u021bi la lansarea primelor trei volume ORICUM\u2122, proiectul editorial care transform\u0103 pove\u0219tile \u00een autoritate, conexiuni \u0219i impact<\/strong><\/p>\n\n\n\n<p><strong>Bucure\u0219ti, august 2026<\/strong> \u2014 Primele trei volume ORICUM\u2122, seria editorial\u0103 creat\u0103 de Andreea Elena Halikias, \u00een jurul deciziilor pe care oamenii le iau \u00eenainte s\u0103 existe garan\u021bii, au fost lansate pe 21 august, \u00een Aula Carol I a Camerei de Comer\u021b \u0219i Industrie Bucure\u0219ti, \u00een prezen\u021ba a peste 100 de participan\u021bi.<\/p>\n\n\n\n<p>Cele trei volume reunesc 61 de contributori din domenii diferite \u2014 antreprenori, autori, psihologi, consultan\u021bi, lideri, creatori \u0219i profesioni\u0219ti \u2014 care au r\u0103spuns acelora\u0219i \u00eentreb\u0103ri despre curaj, blocaje, alegeri dificile, intui\u021bie \u0219i momentele \u00een care au mers \u00eenainte f\u0103r\u0103 s\u0103 \u0219tie \u00eenc\u0103 dac\u0103 decizia lor va fi cea corect\u0103.<\/p>\n\n\n\n<blockquote class=\"wp-block-quote is-layout-flow wp-block-quote-is-layout-flow\">\n<p>Suntem obi\u0219nui\u021bi s\u0103 auzim pove\u0219tile dup\u0103 ce \u0219tim cum s-au terminat. Vedem omul care a riscat \u0219i a reu\u0219it sau omul care a e\u0219uat, a \u00eenv\u0103\u021bat ceva \u0219i, retrospectiv, totul pare s\u0103 fi avut sens. ORICUM\u2122 este despre momentul de dinainte. Despre ce faci atunci c\u00e2nd nu ai \u00eenc\u0103 finalul care s\u0103-\u021bi confirme c\u0103 ai ales bine.<\/p>\n<cite>Andreea Elena Halikias, creatoarea proiectului<\/cite><\/blockquote>\n\n\n\n<h2 class=\"wp-block-heading\">61 de pove\u0219ti, dar nu 61 de insule<\/h2>\n\n\n\n<p>ORICUM\u2122 nu func\u021bioneaz\u0103 ca o antologie clasic\u0103.<\/p>\n\n\n\n<p>Fiecare contributor are o edi\u021bie personalizat\u0103 a volumului, \u00een care interviul s\u0103u este primul, iar identitatea sa este integrat\u0103 \u00een carte. Atunci c\u00e2nd o ofer\u0103, o recomand\u0103 sau o distribuie \u00een propria comunitate, odat\u0103 cu povestea lui circul\u0103 \u0219i pove\u0219tile celorlal\u021bi contributori.<\/p>\n\n\n\n<p>Acest mecanism a primit numele de <strong>Fluxul Multiplic\u0103rii Binelui\u2122<\/strong>.<\/p>\n\n\n\n<blockquote class=\"wp-block-quote is-layout-flow wp-block-quote-is-layout-flow\">\n<p>Nu am vrut doar s\u0103 spunem pove\u0219ti. Am vrut s\u0103 le punem \u00een mi\u0219care. C\u00e2nd unul cre\u0219te, \u00eei poate ridica \u0219i pe ceilal\u021bi, f\u0103r\u0103 s\u0103 piard\u0103 nimic din propria lumin\u0103. Asta este ORICUM\u2122.<\/p>\n<cite>Andreea Elena Halikias<\/cite><\/blockquote>\n\n\n\n<p>\u00cen seara lans\u0103rii, participan\u021bii au primit \u0219i publica\u021bii speciale ORICUM\u2122, \u00een care contributorii puteau fi descoperi\u021bi prin portrete, descrieri \u0219i coduri QR c\u0103tre interviurile lor.<\/p>\n\n\n\n<h2 class=\"wp-block-heading\">O sear\u0103 \u00een care curajul a fost \u201escos la tabl\u0103&#8221;<\/h2>\n\n\n\n<p>Unul dintre momentele centrale ale galei a fost ceremonia de recunoa\u0219tere a contributorilor.<\/p>\n\n\n\n<p>Dac\u0103, \u00een \u0219coal\u0103, oamenii sunt de obicei sco\u0219i la tabl\u0103 pentru a demonstra c\u0103 \u0219tiu r\u0103spunsul corect, la ORICUM\u2122 au fost chema\u021bi \u00een fa\u021b\u0103 pentru altceva: pentru deciziile luate atunci c\u00e2nd nu aveau \u00eenc\u0103 r\u0103spunsul corect.<\/p>\n\n\n\n<blockquote class=\"wp-block-quote is-layout-flow wp-block-quote-is-layout-flow\">\n<p>Mi-ar pl\u0103cea s\u0103 tr\u0103im \u00eentr-o lume \u00een care copiii no\u0219tri s\u0103 fie sco\u0219i la tabl\u0103 \u0219i pentru c\u0103 au avut curajul s\u0103 parieze pe instinctul lor, pe \u00eencredere, pe entuziasm, chiar \u0219i atunci c\u00e2nd nu au primit confirmare din jur.<\/p>\n<cite>Andreea Elena Halikias, \u00een cadrul evenimentului<\/cite><\/blockquote>\n\n\n\n<p>\u00cencrederea a devenit, de altfel, unul dintre firele spontane ale serii. Mul\u021bi dintre contributori au intrat \u00een proiect \u00eenainte s\u0103 \u0219tie exact cum va ar\u0103ta rezultatul final, iar unul dintre mesajele rostite pe scen\u0103 a sintetizat aceast\u0103 experien\u021b\u0103:<\/p>\n\n\n\n<p><em>\u201e\u00cencrederea este tot un act de curaj.&#8221;<\/em><\/p>\n\n\n\n<h2 class=\"wp-block-heading\">Un loc cu peste un secol de istorie<\/h2>\n\n\n\n<p>Lansarea a avut loc \u00een Aula Carol I, \u00eentr-o cl\u0103dire construit\u0103 \u00eentre 1907 \u0219i 1911 pentru Camera de Comer\u021b Bucure\u0219ti.<\/p>\n\n\n\n<p>Istoria locului a fost prezentat\u0103 invita\u021bilor de Cristina \u0218erb\u0103nescu, reprezentant al Camerei de Comer\u021b \u0219i Industrie Bucure\u0219ti.<\/p>\n\n\n\n<p>\u00cen aceea\u0219i sal\u0103, cu mai bine de un secol \u00een urm\u0103, Regina Elisabeta prezida reuniunile unei asocia\u021bii de binefacere, iar \u00een 1913 aici a fost semnat\u0103 pacea care a \u00eencheiat al Doilea R\u0103zboi Balcanic.<\/p>\n\n\n\n<p>La ceremonia de punere a pietrei de temelie au participat membri ai Casei Regale, iar documentul semnat atunci se afl\u0103 \u0219i ast\u0103zi p\u0103strat \u00eentr-un cilindru de o\u021bel sub cl\u0103dire.<\/p>\n\n\n\n<p>Contextul a oferit o simbolistic\u0103 aparte unei seri construite \u00een jurul curajului, comunit\u0103\u021bii \u0219i ideii c\u0103 binele se poate transmite mai departe.<\/p>\n\n\n\n<h2 class=\"wp-block-heading\">Un model g\u00e2ndit pentru comunit\u0103\u021bi \u0219i pie\u021be diferite<\/h2>\n\n\n\n<p>Unul dintre cele trei volume lansate a fost realizat \u00een colaborare cu comunitatea Upcelerator, coordonat\u0103 de Adriana Radu.<\/p>\n\n\n\n<p>ORICUM\u2122 este construit de la \u00eenceput ca model replicabil \u0219i francizabil, care poate fi aplicat \u00een comunit\u0103\u021bi, organiza\u021bii \u0219i pie\u021be locale diferite, p\u0103str\u00e2nd acela\u0219i mecanism: extragerea pove\u0219tilor \u0219i expertizei oamenilor, transformarea lor \u00een active editoriale \u0219i conectarea lor \u00eentr-un sistem \u00een care vizibilitatea unuia poate amplifica vizibilitatea celorlal\u021bi.<\/p>\n\n\n\n<p>Proiectul nu se limiteaz\u0103 astfel la publicarea unei c\u0103r\u021bi, ci func\u021bioneaz\u0103 ca un sistem de personal branding, autoritate \u0219i multiplicare a impactului.<\/p>\n\n\n\n<h2 class=\"wp-block-heading\">Infrastructura editorial\u0103: Meleti.ro<\/h2>\n\n\n\n<p>\u00centregul mecanism de publicare \u0219i distribu\u021bie este sus\u021binut de <a href=\"https:\/\/www.meleti.ro\/\" target=\"_blank\" rel=\"noopener\">Meleti.ro<\/a>, marketplace-ul \u0219i infrastructura creat\u0103 de Andreea Elena Halikias pentru autorii care public\u0103 independent.<\/p>\n\n\n\n<p>Prin Meleti, autorii \u0219i contributorii pot avea propriile edi\u021bii, propriile pagini de prezentare \u0219i propriul mecanism de v\u00e2nzare \u0219i distribu\u021bie, f\u0103r\u0103 ca ORICUM\u2122 s\u0103 func\u021bioneze ca un model de publicare deschis oricui. Selec\u021bia \u0219i construc\u021bia editorial\u0103 fac parte din sistem.<\/p>\n\n\n\n<p>\u00cen spatele proiectului se afl\u0103 peste 12 ani de experien\u021b\u0103 \u00een industria de publishing \u0219i peste 1.345 de autori cu care Andreea Elena Halikias a colaborat direct \u00een proiecte de publicare, marketing, pozi\u021bionare \u0219i monetizare.<\/p>\n\n\n\n<p>De-a lungul activit\u0103\u021bii sale, proiectele \u0219i sistemele dezvoltate \u00eempreun\u0103 cu autori, creatori \u0219i clien\u021bi au contribuit la generarea a peste 4 milioane de dolari.<\/p>\n\n\n\n<h2 class=\"wp-block-heading\">\u201e\u00cen seara aceasta nu avem c\u0103r\u021bi de v\u00e2nzare. Avem curaj de v\u00e2nzare.&#8221;<\/h2>\n\n\n\n<p>Gala a inclus networking, o ceremonie de premiere, un tur privat al cl\u0103dirii \u0219i o serie de detalii construite \u00een jurul ideii de curaj \u0219i u\u0219urin\u021b\u0103.<\/p>\n\n\n\n<p>\u00cen discursul de deschidere, Andreea Elena Halikias a rezumat seara \u00eentr-o singur\u0103 fraz\u0103:<\/p>\n\n\n\n<blockquote class=\"wp-block-quote is-layout-flow wp-block-quote-is-layout-flow\">\n<p>\u00cen seara aceasta nu avem c\u0103r\u021bi de v\u00e2nzare. Avem curaj de v\u00e2nzare.<\/p>\n<\/blockquote>\n\n\n\n<p>ORICUM\u2122 continu\u0103 prin edi\u021biile personalizate ale contributorilor, prin distribu\u021bia pove\u0219tilor \u0219i prin noi volume \u0219i comunit\u0103\u021bi construite \u00een jurul aceluia\u0219i principiu:<\/p>\n\n\n\n<p><strong>Din \u00eencredere \u00een \u00eencredere. Din om \u00een om. Binele se multiplic\u0103.<\/strong><\/p>\n\n\n\n<p>Mai multe informa\u021bii: <a href=\"https:\/\/hai.oricum.online\" target=\"_blank\" rel=\"noopener\">hai.oricum.online<\/a><\/p>\n\n\n\n<hr class=\"wp-block-separator has-alpha-channel-opacity\"\/>\n\n\n\n<h3 class=\"wp-block-heading\">Partener media premium<\/h3>\n\n\n\n<p><a href=\"https:\/\/www.clubantreprenor.ro\/\" target=\"_blank\" rel=\"noopener\">ClubAntreprenor.ro<\/a><\/p>\n\n\n\n<h3 class=\"wp-block-heading\">Parteneri media<\/h3>\n\n\n\n<ul class=\"wp-block-list\">\n<li><a href=\"https:\/\/financialintelligence.ro\/\" target=\"_blank\" rel=\"noopener\">Financial Intelligence<\/a><\/li>\n\n\n\n<li><a href=\"https:\/\/www.business-point.ro\/\" target=\"_blank\" rel=\"noopener\">Business Point<\/a><\/li>\n\n\n\n<li><a href=\"https:\/\/businessadviser.ro\/\" target=\"_blank\" rel=\"noopener\">Business Adviser<\/a><\/li>\n\n\n\n<li><a href=\"https:\/\/ziarulpozitiv.ro\/\" target=\"_blank\" rel=\"noopener\">Ziarul Pozitiv<\/a><\/li>\n\n\n\n<li><a href=\"https:\/\/businesscatalog.ro\/\" target=\"_blank\" rel=\"noopener\">Business Catalog<\/a><\/li>\n<\/ul>\n\n\n\n<h3 class=\"wp-block-heading\">Parteneri \u0219i sponsori ai evenimentului<\/h3>\n\n\n\n<ul class=\"wp-block-list\">\n<li>C\u0103mara Greceasc\u0103<\/li>\n\n\n\n<li><a href=\"https:\/\/www.meleti.ro\/\" target=\"_blank\" rel=\"noopener\">Meleti \u2014 Inspira\u021bie pentru mai bine<\/a><\/li>\n<\/ul>","protected":false},"excerpt":{"rendered":"<p>Primele trei volume ORICUM\u2122 au fost lansate pe 21 august 2026, \u00een Aula Carol I, \u00een prezen\u021ba a peste 100 de participan\u021bi. 61 de contributori, acelea\u0219i cincisprezece \u00eentreb\u0103ri.<\/p>","protected":false},"author":1,"featured_media":13317,"comment_status":"open","ping_status":"open","sticky":false,"template":"","format":"standard","meta":{"order-bump-settings":[],"_wpfnl_thankyou_order_overview":"on","_wpfnl_thankyou_order_details":"on","_wpfnl_thankyou_billing_details":"on","_wpfnl_thankyou_shipping_details":"on","footnotes":"","_yoast_wpseo_title":"","_yoast_wpseo_metadesc":"","_yoast_wpseo_focuskw":"","rank_math_title":"Lansarea primelor trei volume ORICUM\u2122 \u2014 comunicat de pres\u0103","rank_math_description":"Peste 100 de participan\u021bi, 61 de contributori \u0219i trei volume lansate pe 21 august 2026 \u00een Aula Carol I a Camerei de Comer\u021b \u0219i Industrie Bucure\u0219ti.","rank_math_focus_keyword":"lansare ORICUM","jetpack_post_was_ever_published":false},"categories":[89,69],"tags":[340,341,95,332],"class_list":["post-13310","post","type-post","status-publish","format-standard","has-post-thumbnail","hentry","category-media","category-publishing","tag-comunicat-de-presa","tag-eveniment","tag-lansare-de-carte","tag-oricum","is-cat-link-line-before"],"jetpack_featured_media_url":"https:\/\/i0.wp.com\/andreeahalikias.ro\/wp-content\/uploads\/2026\/09\/Unknown.webp?fit=1400%2C1120&ssl=1","_links":{"self":[{"href":"https:\/\/andreeahalikias.ro\/en\/wp-json\/wp\/v2\/posts\/13310","targetHints":{"allow":["GET"]}}],"collection":[{"href":"https:\/\/andreeahalikias.ro\/en\/wp-json\/wp\/v2\/posts"}],"about":[{"href":"https:\/\/andreeahalikias.ro\/en\/wp-json\/wp\/v2\/types\/post"}],"author":[{"embeddable":true,"href":"https:\/\/andreeahalikias.ro\/en\/wp-json\/wp\/v2\/users\/1"}],"replies":[{"embeddable":true,"href":"https:\/\/andreeahalikias.ro\/en\/wp-json\/wp\/v2\/comments?post=13310"}],"version-history":[{"count":1,"href":"https:\/\/andreeahalikias.ro\/en\/wp-json\/wp\/v2\/posts\/13310\/revisions"}],"predecessor-version":[{"id":13318,"href":"https:\/\/andreeahalikias.ro\/en\/wp-json\/wp\/v2\/posts\/13310\/revisions\/13318"}],"wp:featuredmedia":[{"embeddable":true,"href":"https:\/\/andreeahalikias.ro\/en\/wp-json\/wp\/v2\/media\/13317"}],"wp:attachment":[{"href":"https:\/\/andreeahalikias.ro\/en\/wp-json\/wp\/v2\/media?parent=13310"}],"wp:term":[{"taxonomy":"category","embeddable":true,"href":"https:\/\/andreeahalikias.ro\/en\/wp-json\/wp\/v2\/categories?post=13310"},{"taxonomy":"post_tag","embeddable":true,"href":"https:\/\/andreeahalikias.ro\/en\/wp-json\/wp\/v2\/tags?post=13310"}],"curies":[{"name":"wp","href":"https:\/\/api.w.org\/{rel}","templated":true}]}}